{"id":540,"date":"2022-12-07T21:36:19","date_gmt":"2022-12-07T20:36:19","guid":{"rendered":"https:\/\/www.skautsedlcany.cz\/?p=540"},"modified":"2022-12-07T21:39:17","modified_gmt":"2022-12-07T20:39:17","slug":"betlemske-svetlo-2022","status":"publish","type":"post","link":"https:\/\/www.skautsedlcany.cz\/index.php\/2022\/12\/07\/betlemske-svetlo-2022\/","title":{"rendered":"Betl\u00e9msk\u00e9 sv\u011btlo 2022"},"content":{"rendered":"\n<hr class=\"wp-block-separator\"\/>\n\n\n\n<p class=\"has-text-align-center\"><strong>ve \u010dtvrtek 22. 12. 2022<br>15:30 &#8211; 17:00<\/strong><\/p>\n\n\n\n<p class=\"has-text-align-center\">u v\u00e1no\u010dn\u00edho stromu<br>na n\u00e1m\u011bst\u00ed v Kosov\u011b Ho\u0159e<\/p>\n\n\n\n<hr class=\"wp-block-separator\"\/>\n\n\n\n<p class=\"has-text-align-center\"><strong>v p\u00e1tek 23. 12. 2022<br>15:30 &#8211; 17:00<\/strong><\/p>\n\n\n\n<p class=\"has-text-align-center\">u v\u00e1no\u010dn\u00edho stromu<br>na n\u00e1m\u011bst\u00ed TGM v Sedl\u010danech<\/p>\n\n\n\n<hr class=\"wp-block-separator\"\/>\n\n\n\n<div class=\"wp-block-image\"><figure class=\"aligncenter size-large\"><a href=\"https:\/\/www.skautsedlcany.cz\/wp-content\/uploads\/2022\/12\/BS2022_1_KH.png\"><img loading=\"lazy\" decoding=\"async\" width=\"576\" height=\"1024\" src=\"https:\/\/www.skautsedlcany.cz\/wp-content\/uploads\/2022\/12\/BS2022_1_KH-576x1024.png\" alt=\"\" class=\"wp-image-541\" srcset=\"https:\/\/www.skautsedlcany.cz\/wp-content\/uploads\/2022\/12\/BS2022_1_KH-576x1024.png 576w, https:\/\/www.skautsedlcany.cz\/wp-content\/uploads\/2022\/12\/BS2022_1_KH-169x300.png 169w, https:\/\/www.skautsedlcany.cz\/wp-content\/uploads\/2022\/12\/BS2022_1_KH-768x1365.png 768w, https:\/\/www.skautsedlcany.cz\/wp-content\/uploads\/2022\/12\/BS2022_1_KH-864x1536.png 864w, https:\/\/www.skautsedlcany.cz\/wp-content\/uploads\/2022\/12\/BS2022_1_KH.png 1080w\" sizes=\"(max-width: 576px) 100vw, 576px\" \/><\/a><\/figure><\/div>\n\n\n\n<hr class=\"wp-block-separator\"\/>\n\n\n\n<div class=\"wp-block-image\"><figure class=\"aligncenter size-large\"><a href=\"https:\/\/www.skautsedlcany.cz\/wp-content\/uploads\/2022\/12\/BS2022_1_Se.png\"><img loading=\"lazy\" decoding=\"async\" width=\"576\" height=\"1024\" src=\"https:\/\/www.skautsedlcany.cz\/wp-content\/uploads\/2022\/12\/BS2022_1_Se-576x1024.png\" alt=\"\" class=\"wp-image-542\" srcset=\"https:\/\/www.skautsedlcany.cz\/wp-content\/uploads\/2022\/12\/BS2022_1_Se-576x1024.png 576w, https:\/\/www.skautsedlcany.cz\/wp-content\/uploads\/2022\/12\/BS2022_1_Se-169x300.png 169w, https:\/\/www.skautsedlcany.cz\/wp-content\/uploads\/2022\/12\/BS2022_1_Se-768x1365.png 768w, https:\/\/www.skautsedlcany.cz\/wp-content\/uploads\/2022\/12\/BS2022_1_Se-864x1536.png 864w, https:\/\/www.skautsedlcany.cz\/wp-content\/uploads\/2022\/12\/BS2022_1_Se.png 1080w\" sizes=\"(max-width: 576px) 100vw, 576px\" \/><\/a><\/figure><\/div>\n","protected":false},"excerpt":{"rendered":"<p>I letos V\u00e1m skauti a skautky p\u0159inesou Betl\u00e9msk\u00e9 sv\u011btlo.<\/p>\n","protected":false},"author":1,"featured_media":543,"comment_status":"closed","ping_status":"open","sticky":false,"template":"","format":"standard","meta":{"footnotes":""},"categories":[1],"tags":[],"_links":{"self":[{"href":"https:\/\/www.skautsedlcany.cz\/index.php\/wp-json\/wp\/v2\/posts\/540"}],"collection":[{"href":"https:\/\/www.skautsedlcany.cz\/index.php\/wp-json\/wp\/v2\/posts"}],"about":[{"href":"https:\/\/www.skautsedlcany.cz\/index.php\/wp-json\/wp\/v2\/types\/post"}],"author":[{"embeddable":true,"href":"https:\/\/www.skautsedlcany.cz\/index.php\/wp-json\/wp\/v2\/users\/1"}],"replies":[{"embeddable":true,"href":"https:\/\/www.skautsedlcany.cz\/index.php\/wp-json\/wp\/v2\/comments?post=540"}],"version-history":[{"count":3,"href":"https:\/\/www.skautsedlcany.cz\/index.php\/wp-json\/wp\/v2\/posts\/540\/revisions"}],"predecessor-version":[{"id":546,"href":"https:\/\/www.skautsedlcany.cz\/index.php\/wp-json\/wp\/v2\/posts\/540\/revisions\/546"}],"wp:featuredmedia":[{"embeddable":true,"href":"https:\/\/www.skautsedlcany.cz\/index.php\/wp-json\/wp\/v2\/media\/543"}],"wp:attachment":[{"href":"https:\/\/www.skautsedlcany.cz\/index.php\/wp-json\/wp\/v2\/media?parent=540"}],"wp:term":[{"taxonomy":"category","embeddable":true,"href":"https:\/\/www.skautsedlcany.cz\/index.php\/wp-json\/wp\/v2\/categories?post=540"},{"taxonomy":"post_tag","embeddable":true,"href":"https:\/\/www.skautsedlcany.cz\/index.php\/wp-json\/wp\/v2\/tags?post=540"}],"curies":[{"name":"wp","href":"https:\/\/api.w.org\/{rel}","templated":true}]}}